{"id":9482,"date":"2025-11-14T17:34:59","date_gmt":"2025-11-14T16:34:59","guid":{"rendered":"https:\/\/tennisurgell.com\/ja-tenim-finalistes-individuals-de-lopen-catalonia-ara-lleida-tennis-europe-junior-tour\/"},"modified":"2025-11-14T17:34:59","modified_gmt":"2025-11-14T16:34:59","slug":"ja-tenim-finalistes-individuals-de-lopen-catalonia-ara-lleida-tennis-europe-junior-tour","status":"publish","type":"post","link":"https:\/\/tennisurgell.com\/es\/ja-tenim-finalistes-individuals-de-lopen-catalonia-ara-lleida-tennis-europe-junior-tour\/","title":{"rendered":"Ja tenim finalistes individuals de l&#8217;Open Catalonia Ara Lleida Tennis Europe Junior Tour"},"content":{"rendered":"<p>La final del Catalonia Open-Ara Lleida no tindr\u00e0 sabor lleidat\u00e0 despr\u00e9s que \u00c1lvaro Garc\u00eda hagi perdut contra el n\u00famero 1, el roman\u00e8s Tudor Alexandru Preda, amb la qual cosa ha quedat fora de la final d\u2019aquest torneig pertanyent al circuit Tennis Europe Junior Tour, on aquest dissabte l\u2019espera el n\u00famero 2, Rafa Garc\u00eda.<\/p>\n<p>Rafa Garc\u00eda ha estat qui primer ha aconseguit l\u2019acc\u00e9s a la final en derrotar per un doble 6-3 Julen Gonz\u00e1lez, 16\u00e8 cap de s\u00e8rie, a la primera semifinal del dia. A continuaci\u00f3 ha estat el torn per a \u00c1lvaro Garc\u00eda, que ha cedit amb el mateix marcador, 6-3 i 6-3, davant el roman\u00e8s Preda, primer favorit. <\/p>\n<p>D\u2019aquesta manera, Tudor Alexandru Preda i Rafa Garc\u00eda lluitaran per endur-se el t\u00edtol mascul\u00ed aquest dissabte a la pista 1 a partir de les 10.30 hores, la mateixa hora a la que comen\u00e7aran a decidir el t\u00edtol femen\u00ed a la pista 2 les dos primeres caps de s\u00e8rie del quadre, les espanyoles Sof\u00eda Kova (1) i Edurne Tortajada (2). Kova ha passat a la final en batre Alice Ferreira per 6-3 i 6-1, mentre que Tortajada ha superat a la seva semifinal Paula Cort\u00e9s per 6-2 i 6-1. <\/p>\n<p>Les finals, com ha quedat dit, es disputaran de manera simult\u00e0nia, com sempre amb entrada gratu\u00efta, i a la conclusi\u00f3 dels partits es procedir\u00e0 a l\u2019acte de lliurament dels trofeus.<\/p>\n","protected":false},"excerpt":{"rendered":"<p>La final del Catalonia Open-Ara Lleida no tindr\u00e0 sabor lleidat\u00e0 despr\u00e9s que \u00c1lvaro Garc\u00eda hagi perdut contra el n\u00famero 1, el roman\u00e8s Tudor Alexandru Preda, amb la qual cosa ha quedat fora de la final d\u2019aquest torneig pertanyent al circuit Tennis Europe Junior Tour, on aquest dissabte l\u2019espera el n\u00famero 2, Rafa Garc\u00eda. Rafa Garc\u00eda [&hellip;]<\/p>\n","protected":false},"author":2,"featured_media":8256,"comment_status":"open","ping_status":"closed","sticky":false,"template":"","format":"standard","meta":{"_et_pb_use_builder":"","_et_pb_old_content":"","_et_gb_content_width":"","footnotes":""},"categories":[20],"tags":[],"class_list":["post-9482","post","type-post","status-publish","format-standard","has-post-thumbnail","hentry","category-noticias"],"_links":{"self":[{"href":"https:\/\/tennisurgell.com\/es\/wp-json\/wp\/v2\/posts\/9482","targetHints":{"allow":["GET"]}}],"collection":[{"href":"https:\/\/tennisurgell.com\/es\/wp-json\/wp\/v2\/posts"}],"about":[{"href":"https:\/\/tennisurgell.com\/es\/wp-json\/wp\/v2\/types\/post"}],"author":[{"embeddable":true,"href":"https:\/\/tennisurgell.com\/es\/wp-json\/wp\/v2\/users\/2"}],"replies":[{"embeddable":true,"href":"https:\/\/tennisurgell.com\/es\/wp-json\/wp\/v2\/comments?post=9482"}],"version-history":[{"count":0,"href":"https:\/\/tennisurgell.com\/es\/wp-json\/wp\/v2\/posts\/9482\/revisions"}],"wp:featuredmedia":[{"embeddable":true,"href":"https:\/\/tennisurgell.com\/es\/wp-json\/wp\/v2\/media\/8256"}],"wp:attachment":[{"href":"https:\/\/tennisurgell.com\/es\/wp-json\/wp\/v2\/media?parent=9482"}],"wp:term":[{"taxonomy":"category","embeddable":true,"href":"https:\/\/tennisurgell.com\/es\/wp-json\/wp\/v2\/categories?post=9482"},{"taxonomy":"post_tag","embeddable":true,"href":"https:\/\/tennisurgell.com\/es\/wp-json\/wp\/v2\/tags?post=9482"}],"curies":[{"name":"wp","href":"https:\/\/api.w.org\/{rel}","templated":true}]}}