{"id":9477,"date":"2025-12-17T07:01:48","date_gmt":"2025-12-17T06:01:48","guid":{"rendered":"https:\/\/tennisurgell.com\/resultats-equips-de-tennis-cap-de-setmana-13-14-desembre\/"},"modified":"2025-12-17T07:01:48","modified_gmt":"2025-12-17T06:01:48","slug":"resultats-equips-de-tennis-cap-de-setmana-13-14-desembre","status":"publish","type":"post","link":"https:\/\/tennisurgell.com\/es\/resultats-equips-de-tennis-cap-de-setmana-13-14-desembre\/","title":{"rendered":"Resultats equips de tennis cap de setmana 13-14 desembre"},"content":{"rendered":"<p>La Lliga Catalana va acaparar en exclusiva la competici\u00f3 per als equips de tennis del CT Urgell durant la jornada del cap de setmana passat.<\/p>\n<p>El cadet mascul\u00ed va obrir els enfrontaments el dissabte al mat\u00ed amb un triomf per 0-5 en la seva visita al Nataci\u00f3 Lleida B, on va formar amb un conjunt compost per Gerard Figuera, Ferran S\u00e1nchez, Marc Mar\u00edn i Mario Mart\u00edn. Tamb\u00e9 va guanyar a domicili l\u2019alev\u00ed femen\u00ed, que es va imposar per 1-3 a les pistes del CT Torredembarra amb un equip format per Rita Ibarz, Emma de Jes\u00fas, Carlota Barta i Maria Garriga. <\/p>\n<p>Tamb\u00e9 visitava el CT Torredembarra el conjunt alev\u00ed mascul\u00ed de l\u2019Urgell, per\u00f2 en el seu cas va cedir per 4-1. Van formar l\u2019equip Joan Terradellas, Enric Sans, Jan Duran i Guerau Ter\u00e9s. Per \u00faltim, derrota del s\u00e8nior +30 mascul\u00ed en el seu despla\u00e7ament per visitar el TC Berga, on va caure per un ajustat 3-2.  <\/p>\n<p><img decoding=\"async\" class=\"alignnone size-large wp-image-8490 lazyload\" data-src=\"https:\/\/tennisurgell.com\/wp-content\/uploads\/WhatsApp-Image-2025-12-16-at-12.23.54-768x1024.jpeg\" alt=\"\" width=\"768\" height=\"1024\" src=\"data:image\/svg+xml;base64,PHN2ZyB3aWR0aD0iMSIgaGVpZ2h0PSIxIiB4bWxucz0iaHR0cDovL3d3dy53My5vcmcvMjAwMC9zdmciPjwvc3ZnPg==\" style=\"--smush-placeholder-width: 768px; --smush-placeholder-aspect-ratio: 768\/1024;\"> <img decoding=\"async\" class=\"alignnone size-large wp-image-8492 lazyload\" data-src=\"https:\/\/tennisurgell.com\/wp-content\/uploads\/WhatsApp-Image-2025-12-16-at-12.24.14-576x1024.jpeg\" alt=\"\" width=\"576\" height=\"1024\" src=\"data:image\/svg+xml;base64,PHN2ZyB3aWR0aD0iMSIgaGVpZ2h0PSIxIiB4bWxucz0iaHR0cDovL3d3dy53My5vcmcvMjAwMC9zdmciPjwvc3ZnPg==\" style=\"--smush-placeholder-width: 576px; --smush-placeholder-aspect-ratio: 576\/1024;\"> <img decoding=\"async\" class=\"alignnone size-large wp-image-8494 lazyload\" data-src=\"https:\/\/tennisurgell.com\/wp-content\/uploads\/WhatsApp-Image-2025-12-16-at-12.30.22-768x1024.jpeg\" alt=\"\" width=\"768\" height=\"1024\" src=\"data:image\/svg+xml;base64,PHN2ZyB3aWR0aD0iMSIgaGVpZ2h0PSIxIiB4bWxucz0iaHR0cDovL3d3dy53My5vcmcvMjAwMC9zdmciPjwvc3ZnPg==\" style=\"--smush-placeholder-width: 768px; --smush-placeholder-aspect-ratio: 768\/1024;\"> <img decoding=\"async\" class=\"alignnone size-large wp-image-8496 lazyload\" data-src=\"https:\/\/tennisurgell.com\/wp-content\/uploads\/WhatsApp-Image-2025-12-16-at-12.31.48-768x1024.jpeg\" alt=\"\" width=\"768\" height=\"1024\" src=\"data:image\/svg+xml;base64,PHN2ZyB3aWR0aD0iMSIgaGVpZ2h0PSIxIiB4bWxucz0iaHR0cDovL3d3dy53My5vcmcvMjAwMC9zdmciPjwvc3ZnPg==\" style=\"--smush-placeholder-width: 768px; --smush-placeholder-aspect-ratio: 768\/1024;\"> <img decoding=\"async\" class=\"alignnone size-large wp-image-8498 lazyload\" data-src=\"https:\/\/tennisurgell.com\/wp-content\/uploads\/WhatsApp-Image-2025-12-16-at-12.31.48-1-768x1024.jpeg\" alt=\"\" width=\"768\" height=\"1024\" src=\"data:image\/svg+xml;base64,PHN2ZyB3aWR0aD0iMSIgaGVpZ2h0PSIxIiB4bWxucz0iaHR0cDovL3d3dy53My5vcmcvMjAwMC9zdmciPjwvc3ZnPg==\" style=\"--smush-placeholder-width: 768px; --smush-placeholder-aspect-ratio: 768\/1024;\"><\/p>\n","protected":false},"excerpt":{"rendered":"<p>La Lliga Catalana va acaparar en exclusiva la competici\u00f3 per als equips de tennis del CT Urgell durant la jornada del cap de setmana passat. El cadet mascul\u00ed va obrir els enfrontaments el dissabte al mat\u00ed amb un triomf per 0-5 en la seva visita al Nataci\u00f3 Lleida B, on va formar amb un conjunt [&hellip;]<\/p>\n","protected":false},"author":2,"featured_media":8489,"comment_status":"open","ping_status":"closed","sticky":false,"template":"","format":"standard","meta":{"_et_pb_use_builder":"","_et_pb_old_content":"","_et_gb_content_width":"","footnotes":""},"categories":[20],"tags":[],"class_list":["post-9477","post","type-post","status-publish","format-standard","has-post-thumbnail","hentry","category-noticias"],"_links":{"self":[{"href":"https:\/\/tennisurgell.com\/es\/wp-json\/wp\/v2\/posts\/9477","targetHints":{"allow":["GET"]}}],"collection":[{"href":"https:\/\/tennisurgell.com\/es\/wp-json\/wp\/v2\/posts"}],"about":[{"href":"https:\/\/tennisurgell.com\/es\/wp-json\/wp\/v2\/types\/post"}],"author":[{"embeddable":true,"href":"https:\/\/tennisurgell.com\/es\/wp-json\/wp\/v2\/users\/2"}],"replies":[{"embeddable":true,"href":"https:\/\/tennisurgell.com\/es\/wp-json\/wp\/v2\/comments?post=9477"}],"version-history":[{"count":0,"href":"https:\/\/tennisurgell.com\/es\/wp-json\/wp\/v2\/posts\/9477\/revisions"}],"wp:featuredmedia":[{"embeddable":true,"href":"https:\/\/tennisurgell.com\/es\/wp-json\/wp\/v2\/media\/8489"}],"wp:attachment":[{"href":"https:\/\/tennisurgell.com\/es\/wp-json\/wp\/v2\/media?parent=9477"}],"wp:term":[{"taxonomy":"category","embeddable":true,"href":"https:\/\/tennisurgell.com\/es\/wp-json\/wp\/v2\/categories?post=9477"},{"taxonomy":"post_tag","embeddable":true,"href":"https:\/\/tennisurgell.com\/es\/wp-json\/wp\/v2\/tags?post=9477"}],"curies":[{"name":"wp","href":"https:\/\/api.w.org\/{rel}","templated":true}]}}