{"id":9476,"date":"2025-12-11T12:41:55","date_gmt":"2025-12-11T11:41:55","guid":{"rendered":"https:\/\/tennisurgell.com\/albert-costa-i-lurgell-a-lacte-de-commemoracio-del-25e-aniversari-de-la-primera-davis-despanya\/"},"modified":"2025-12-11T12:41:55","modified_gmt":"2025-12-11T11:41:55","slug":"albert-costa-i-lurgell-a-lacte-de-commemoracio-del-25e-aniversari-de-la-primera-davis-despanya","status":"publish","type":"post","link":"https:\/\/tennisurgell.com\/es\/albert-costa-i-lurgell-a-lacte-de-commemoracio-del-25e-aniversari-de-la-primera-davis-despanya\/","title":{"rendered":"Albert Costa i l&#8217;Urgell, a l&#8217;acte de commemoraci\u00f3 del 25\u00e8 aniversari de la primera Davis d&#8217;Espanya"},"content":{"rendered":"<p>\u2022 El jugador del Tennis Urgell va ser un dels components de l\u2019equip espanyol que va derrotar a Austr\u00e0lia al Palau Sant Jordi l\u2019any 2000.<\/p>\n<p>El tennista lleidat\u00e0 Albert Costa, el jugador m\u00e9s emblem\u00e0tic que ha sortit de les pistes del Tennis Urgell, va participar aquest dimecres a l\u2019acte de commemoraci\u00f3 del 25\u00e8 aniversari de la primera Copa Davis que va guanyar Espa\u00f1a, un equip del qual ell n\u2019era component.<br \/>\nL\u2019acte va estar organitzat per la Federaci\u00f3 Catalana de Tennis en commemoraci\u00f3 de la consecuci\u00f3 de la primera Copa Davis que va guanyar l\u2019equip espanyol al Palau Sant Jordi. Va ser l\u2019any 2000, a la final contra Austr\u00e0lia davant 14.000 espectadors, i amb un equip integrat per \u00c0lex Corretja, Joan Balcells, Juan Carlos Ferrero i l\u2019esmentat Albert Costa. Tots ells, juntament amb el president del CT Urgell, Oscar Villaverde, tret de Ferrero, van assistir a l\u2019acte amb dos dels quatre capitans que van formar part d\u2019aquell equip, Juan Avenda\u00f1o i Jordi Vilar\u00f3, els altres dos van ser Javier Duarte i Josep Perlas.<br \/>\nDurant l\u2019acte, celebrat al Museu Ol\u00edmpic i de l\u2019Esport Joan Antoni Samaranch de Barcelona, Albert Costa ha recordar que va ser l\u2019encarregat d\u2019obrir la final i ha explicat que abans de sortir a pista \u201cestava com un flam. Jugar el primer sempre dona molt de respecte. En aquell moment tenia 25 anys, i la responsabilitat que ten\u00edem era enorme\u201d. La seva derrota davant Lleyton Hewitt \u201cha estat la que m\u00e9s m\u2019ha costat superar de la meva carrera. Vaig aprendre molt d\u2019aquesta derrota, i em va ajudar a afrontar de manera molt diferent la final de Roland Garros. De fet, puc dir que gr\u00e0cies a aquella derrota vaig poder, despr\u00e9s, guanyar aquest Grand Slam\u201d.<br \/>\n\u201cFinalment, es van donar les circumst\u00e0ncies i la vam guanyar a Barcelona, el bressol del tennis a casa nostra. Per aix\u00f2, va ser tan especial, i encara recordo aquells crits i emoci\u00f3 quan m\u2019apropo al Palau Sant Jordi\u201d, ha afegit el jugador format al Tennis Urgell, ex n\u00famero 6 del m\u00f3n i campi\u00f3 de 12 t\u00edtols al circuit, entre ells un Roland Garros i un masters 1000 a Hamburg, a m\u00e9s d\u2019una medalla ol\u00edmpica fent parella amb l\u2019\u00c0lex Corretja a Sidney 2000. Tots els components de l\u2019equipo van rebre un obsequi per commemorar aquests 25 anys d\u2019una fita que va suposar un abans i un despr\u00e9s del tennis a casa nostra, en un acte d\u2019all\u00f2 m\u00e9s emotiu. <\/p>\n","protected":false},"excerpt":{"rendered":"<p>\u2022 El jugador del Tennis Urgell va ser un dels components de l\u2019equip espanyol que va derrotar a Austr\u00e0lia al Palau Sant Jordi l\u2019any 2000. El tennista lleidat\u00e0 Albert Costa, el jugador m\u00e9s emblem\u00e0tic que ha sortit de les pistes del Tennis Urgell, va participar aquest dimecres a l\u2019acte de commemoraci\u00f3 del 25\u00e8 aniversari de [&hellip;]<\/p>\n","protected":false},"author":2,"featured_media":8477,"comment_status":"open","ping_status":"closed","sticky":false,"template":"","format":"standard","meta":{"_et_pb_use_builder":"","_et_pb_old_content":"","_et_gb_content_width":"","footnotes":""},"categories":[20],"tags":[],"class_list":["post-9476","post","type-post","status-publish","format-standard","has-post-thumbnail","hentry","category-noticias"],"_links":{"self":[{"href":"https:\/\/tennisurgell.com\/es\/wp-json\/wp\/v2\/posts\/9476","targetHints":{"allow":["GET"]}}],"collection":[{"href":"https:\/\/tennisurgell.com\/es\/wp-json\/wp\/v2\/posts"}],"about":[{"href":"https:\/\/tennisurgell.com\/es\/wp-json\/wp\/v2\/types\/post"}],"author":[{"embeddable":true,"href":"https:\/\/tennisurgell.com\/es\/wp-json\/wp\/v2\/users\/2"}],"replies":[{"embeddable":true,"href":"https:\/\/tennisurgell.com\/es\/wp-json\/wp\/v2\/comments?post=9476"}],"version-history":[{"count":0,"href":"https:\/\/tennisurgell.com\/es\/wp-json\/wp\/v2\/posts\/9476\/revisions"}],"wp:featuredmedia":[{"embeddable":true,"href":"https:\/\/tennisurgell.com\/es\/wp-json\/wp\/v2\/media\/8477"}],"wp:attachment":[{"href":"https:\/\/tennisurgell.com\/es\/wp-json\/wp\/v2\/media?parent=9476"}],"wp:term":[{"taxonomy":"category","embeddable":true,"href":"https:\/\/tennisurgell.com\/es\/wp-json\/wp\/v2\/categories?post=9476"},{"taxonomy":"post_tag","embeddable":true,"href":"https:\/\/tennisurgell.com\/es\/wp-json\/wp\/v2\/tags?post=9476"}],"curies":[{"name":"wp","href":"https:\/\/api.w.org\/{rel}","templated":true}]}}