{"id":9464,"date":"2026-01-21T08:41:18","date_gmt":"2026-01-21T07:41:18","guid":{"rendered":"https:\/\/tennisurgell.com\/inscripcions-obertes-per-al-taller-de-magia-del-7-de-febrer\/"},"modified":"2026-01-21T08:41:18","modified_gmt":"2026-01-21T07:41:18","slug":"inscripcions-obertes-per-al-taller-de-magia-del-7-de-febrer","status":"publish","type":"post","link":"https:\/\/tennisurgell.com\/es\/inscripcions-obertes-per-al-taller-de-magia-del-7-de-febrer\/","title":{"rendered":"Inscripcions obertes per al Taller de M\u00e0gia del 7 de febrer"},"content":{"rendered":"<p>El CT Urgell ja ha obert el termini d\u2019inscripcions per al taller de m\u00e0gia que oferir\u00e0 el mag \u00d3scar de la Torre, una iniciativa amb la que el club vol convidar els m\u00e9s petits a gaudir una proposta diferent tot endinsant-se en el m\u00f3n de la m\u00e0gia.<\/p>\n<p>L\u2019activitat es dur\u00e0 a terme el dissabte 7 de febrer d\u201911.30 a 12.30 hores i \u00e9s especialment indicada per a infants de 4 a 7 anys. Per participar-hi cal fer inscripci\u00f3 pr\u00e8via a la recepci\u00f3 del club. El taller \u00e9s gratu\u00eft per als socis\/es, i t\u00e9 un preu de 3 euros per als no socis\/es.  <\/p>\n<p><img decoding=\"async\" class=\"alignnone size-large wp-image-8623 lazyload\" data-src=\"https:\/\/tennisurgell.com\/wp-content\/uploads\/magia-813x1024.jpg\" alt=\"\" width=\"813\" height=\"1024\" data-srcset=\"https:\/\/tennisurgell.com\/wp-content\/uploads\/magia-813x1024.jpg 813w, https:\/\/tennisurgell.com\/wp-content\/uploads\/magia-480x605.jpg 480w\" data-sizes=\"(min-width: 0px) and (max-width: 480px) 480px, (min-width: 481px) 813px, 100vw\" src=\"data:image\/svg+xml;base64,PHN2ZyB3aWR0aD0iMSIgaGVpZ2h0PSIxIiB4bWxucz0iaHR0cDovL3d3dy53My5vcmcvMjAwMC9zdmciPjwvc3ZnPg==\" style=\"--smush-placeholder-width: 813px; --smush-placeholder-aspect-ratio: 813\/1024;\" \/><\/p>\n","protected":false},"excerpt":{"rendered":"<p>El CT Urgell ja ha obert el termini d\u2019inscripcions per al taller de m\u00e0gia que oferir\u00e0 el mag \u00d3scar de la Torre, una iniciativa amb la que el club vol convidar els m\u00e9s petits a gaudir una proposta diferent tot endinsant-se en el m\u00f3n de la m\u00e0gia. L\u2019activitat es dur\u00e0 a terme el dissabte 7 [&hellip;]<\/p>\n","protected":false},"author":2,"featured_media":8622,"comment_status":"open","ping_status":"closed","sticky":false,"template":"","format":"standard","meta":{"_et_pb_use_builder":"","_et_pb_old_content":"","_et_gb_content_width":"","footnotes":""},"categories":[20],"tags":[],"class_list":["post-9464","post","type-post","status-publish","format-standard","has-post-thumbnail","hentry","category-noticias"],"_links":{"self":[{"href":"https:\/\/tennisurgell.com\/es\/wp-json\/wp\/v2\/posts\/9464","targetHints":{"allow":["GET"]}}],"collection":[{"href":"https:\/\/tennisurgell.com\/es\/wp-json\/wp\/v2\/posts"}],"about":[{"href":"https:\/\/tennisurgell.com\/es\/wp-json\/wp\/v2\/types\/post"}],"author":[{"embeddable":true,"href":"https:\/\/tennisurgell.com\/es\/wp-json\/wp\/v2\/users\/2"}],"replies":[{"embeddable":true,"href":"https:\/\/tennisurgell.com\/es\/wp-json\/wp\/v2\/comments?post=9464"}],"version-history":[{"count":0,"href":"https:\/\/tennisurgell.com\/es\/wp-json\/wp\/v2\/posts\/9464\/revisions"}],"wp:featuredmedia":[{"embeddable":true,"href":"https:\/\/tennisurgell.com\/es\/wp-json\/wp\/v2\/media\/8622"}],"wp:attachment":[{"href":"https:\/\/tennisurgell.com\/es\/wp-json\/wp\/v2\/media?parent=9464"}],"wp:term":[{"taxonomy":"category","embeddable":true,"href":"https:\/\/tennisurgell.com\/es\/wp-json\/wp\/v2\/categories?post=9464"},{"taxonomy":"post_tag","embeddable":true,"href":"https:\/\/tennisurgell.com\/es\/wp-json\/wp\/v2\/tags?post=9464"}],"curies":[{"name":"wp","href":"https:\/\/api.w.org\/{rel}","templated":true}]}}