{"id":9463,"date":"2026-02-09T16:24:39","date_gmt":"2026-02-09T15:24:39","guid":{"rendered":"https:\/\/tennisurgell.com\/resultats-i-imatges-de-la-jornada-de-tennis-7-8-de-febrer\/"},"modified":"2026-02-09T16:24:39","modified_gmt":"2026-02-09T15:24:39","slug":"resultats-i-imatges-de-la-jornada-de-tennis-7-8-de-febrer","status":"publish","type":"post","link":"https:\/\/tennisurgell.com\/es\/resultats-i-imatges-de-la-jornada-de-tennis-7-8-de-febrer\/","title":{"rendered":"Resultats i imatges de la jornada de tennis (7-8 de febrer)"},"content":{"rendered":"<p>Els equips de tennis del CT Urgell van competir en diferents fronts el passat cap de setmana.<\/p>\n<p>Comen\u00e7ant pel Campionat de Catalunya, l\u2019equip cadet va cedir per 3-4 davant el CT Torell\u00f3 a les semifinals del torneig, en un duel en el que els individuals van acabar amb un 2-3 favorable als visitants, mentre que els decisius partits de dobles van caure un per a cada costat, amb la qual cosa el triomf va ser per al Torell\u00f3. L\u2019Urgell va jugar amb Gerard Figuera, Ferran S\u00e1nchez, Mario Mart\u00edn, Marc Mar\u00edn i Oriol Bar\u00f3. <\/p>\n<p>A la Lliga Catalana, els representants de l\u2019Urgell van disputar quatre enfrontaments. Aix\u00ed, l\u2019equip alev\u00ed femen\u00ed, format per Masara Vila, Carlota Barta i Rita Ibarz, va superar per 4-0 el Reus Deportiu, mentre que l\u2019alev\u00ed mascul\u00ed, amb Joan Terradellas, Sa\u00fal Blanco, Jan Duran i Pol Bar\u00f3, es va desfer del Nataci\u00f3 Lleida B per 1-4. Tamb\u00e9 va guanyar el j\u00fanior mascul\u00ed, en el seu cas per 4-1 davant el Reus Deportiu amb un equip format per Pol Barta, Guillem Barrufet i Oriol Dolcet. Finalment, l\u2019equip absolut mascul\u00ed de l\u2019Urgell no va poder amb el CT Bar\u00e0 (2-3) en un duel en qu\u00e8 Arnau Perostes i Icar Caselles van guanyar els seus partits d\u2019individuals, mentre que Edgar P\u00e9rez i \u00d3scar Traid van perdre els seus, de manera que l\u2019encontre es va decidir al dobles, en qu\u00e8 la parella Caselles-Perostes no va poder sumar el triomf.   <\/p>\n<p><img decoding=\"async\" class=\"alignnone size-large wp-image-8813 lazyload\" data-src=\"https:\/\/tennisurgell.com\/wp-content\/uploads\/WhatsApp-Image-2026-02-09-at-11.41.27-1024x769.jpeg\" alt=\"\" width=\"1024\" height=\"769\" data-srcset=\"https:\/\/tennisurgell.com\/wp-content\/uploads\/WhatsApp-Image-2026-02-09-at-11.41.27-980x735.jpeg 980w, https:\/\/tennisurgell.com\/wp-content\/uploads\/WhatsApp-Image-2026-02-09-at-11.41.27-480x360.jpeg 480w\" data-sizes=\"(min-width: 0px) and (max-width: 480px) 480px, (min-width: 481px) and (max-width: 980px) 980px, (min-width: 981px) 1024px, 100vw\" src=\"data:image\/svg+xml;base64,PHN2ZyB3aWR0aD0iMSIgaGVpZ2h0PSIxIiB4bWxucz0iaHR0cDovL3d3dy53My5vcmcvMjAwMC9zdmciPjwvc3ZnPg==\" style=\"--smush-placeholder-width: 1024px; --smush-placeholder-aspect-ratio: 1024\/769;\" \/><\/p>\n<p><img decoding=\"async\" class=\"alignnone size-large wp-image-8811 lazyload\" data-src=\"https:\/\/tennisurgell.com\/wp-content\/uploads\/WhatsApp-Image-2026-02-09-at-11.40.20-768x1024.jpeg\" alt=\"\" width=\"768\" height=\"1024\" src=\"data:image\/svg+xml;base64,PHN2ZyB3aWR0aD0iMSIgaGVpZ2h0PSIxIiB4bWxucz0iaHR0cDovL3d3dy53My5vcmcvMjAwMC9zdmciPjwvc3ZnPg==\" style=\"--smush-placeholder-width: 768px; --smush-placeholder-aspect-ratio: 768\/1024;\"><\/p>\n<p><img decoding=\"async\" class=\"alignnone size-large wp-image-8809 lazyload\" data-src=\"https:\/\/tennisurgell.com\/wp-content\/uploads\/WhatsApp-Image-2026-02-09-at-11.25.07-1024x769.jpeg\" alt=\"\" width=\"1024\" height=\"769\" data-srcset=\"https:\/\/tennisurgell.com\/wp-content\/uploads\/WhatsApp-Image-2026-02-09-at-11.25.07-980x735.jpeg 980w, https:\/\/tennisurgell.com\/wp-content\/uploads\/WhatsApp-Image-2026-02-09-at-11.25.07-480x360.jpeg 480w\" data-sizes=\"(min-width: 0px) and (max-width: 480px) 480px, (min-width: 481px) and (max-width: 980px) 980px, (min-width: 981px) 1024px, 100vw\" src=\"data:image\/svg+xml;base64,PHN2ZyB3aWR0aD0iMSIgaGVpZ2h0PSIxIiB4bWxucz0iaHR0cDovL3d3dy53My5vcmcvMjAwMC9zdmciPjwvc3ZnPg==\" style=\"--smush-placeholder-width: 1024px; --smush-placeholder-aspect-ratio: 1024\/769;\" \/><\/p>\n<p><img decoding=\"async\" class=\"alignnone size-large wp-image-8807 lazyload\" data-src=\"https:\/\/tennisurgell.com\/wp-content\/uploads\/WhatsApp-Image-2026-02-09-at-11.30.08-1024x769.jpeg\" alt=\"\" width=\"1024\" height=\"769\" data-srcset=\"https:\/\/tennisurgell.com\/wp-content\/uploads\/WhatsApp-Image-2026-02-09-at-11.30.08-980x735.jpeg 980w, https:\/\/tennisurgell.com\/wp-content\/uploads\/WhatsApp-Image-2026-02-09-at-11.30.08-480x360.jpeg 480w\" data-sizes=\"(min-width: 0px) and (max-width: 480px) 480px, (min-width: 481px) and (max-width: 980px) 980px, (min-width: 981px) 1024px, 100vw\" src=\"data:image\/svg+xml;base64,PHN2ZyB3aWR0aD0iMSIgaGVpZ2h0PSIxIiB4bWxucz0iaHR0cDovL3d3dy53My5vcmcvMjAwMC9zdmciPjwvc3ZnPg==\" style=\"--smush-placeholder-width: 1024px; --smush-placeholder-aspect-ratio: 1024\/769;\" \/><\/p>\n<p><img decoding=\"async\" class=\"alignnone size-large wp-image-8815 lazyload\" data-src=\"https:\/\/tennisurgell.com\/wp-content\/uploads\/WhatsApp-Image-2026-02-09-at-12.03.15-1024x865.jpeg\" alt=\"\" width=\"1024\" height=\"865\" data-srcset=\"https:\/\/tennisurgell.com\/wp-content\/uploads\/WhatsApp-Image-2026-02-09-at-12.03.15-980x828.jpeg 980w, https:\/\/tennisurgell.com\/wp-content\/uploads\/WhatsApp-Image-2026-02-09-at-12.03.15-480x405.jpeg 480w\" data-sizes=\"(min-width: 0px) and (max-width: 480px) 480px, (min-width: 481px) and (max-width: 980px) 980px, (min-width: 981px) 1024px, 100vw\" src=\"data:image\/svg+xml;base64,PHN2ZyB3aWR0aD0iMSIgaGVpZ2h0PSIxIiB4bWxucz0iaHR0cDovL3d3dy53My5vcmcvMjAwMC9zdmciPjwvc3ZnPg==\" style=\"--smush-placeholder-width: 1024px; --smush-placeholder-aspect-ratio: 1024\/865;\" \/><\/p>\n","protected":false},"excerpt":{"rendered":"<p>Els equips de tennis del CT Urgell van competir en diferents fronts el passat cap de setmana. Comen\u00e7ant pel Campionat de Catalunya, l\u2019equip cadet va cedir per 3-4 davant el CT Torell\u00f3 a les semifinals del torneig, en un duel en el que els individuals van acabar amb un 2-3 favorable als visitants, mentre que [&hellip;]<\/p>\n","protected":false},"author":2,"featured_media":8808,"comment_status":"open","ping_status":"closed","sticky":false,"template":"","format":"standard","meta":{"_et_pb_use_builder":"","_et_pb_old_content":"","_et_gb_content_width":"","footnotes":""},"categories":[20],"tags":[],"class_list":["post-9463","post","type-post","status-publish","format-standard","has-post-thumbnail","hentry","category-noticias"],"_links":{"self":[{"href":"https:\/\/tennisurgell.com\/es\/wp-json\/wp\/v2\/posts\/9463","targetHints":{"allow":["GET"]}}],"collection":[{"href":"https:\/\/tennisurgell.com\/es\/wp-json\/wp\/v2\/posts"}],"about":[{"href":"https:\/\/tennisurgell.com\/es\/wp-json\/wp\/v2\/types\/post"}],"author":[{"embeddable":true,"href":"https:\/\/tennisurgell.com\/es\/wp-json\/wp\/v2\/users\/2"}],"replies":[{"embeddable":true,"href":"https:\/\/tennisurgell.com\/es\/wp-json\/wp\/v2\/comments?post=9463"}],"version-history":[{"count":0,"href":"https:\/\/tennisurgell.com\/es\/wp-json\/wp\/v2\/posts\/9463\/revisions"}],"wp:featuredmedia":[{"embeddable":true,"href":"https:\/\/tennisurgell.com\/es\/wp-json\/wp\/v2\/media\/8808"}],"wp:attachment":[{"href":"https:\/\/tennisurgell.com\/es\/wp-json\/wp\/v2\/media?parent=9463"}],"wp:term":[{"taxonomy":"category","embeddable":true,"href":"https:\/\/tennisurgell.com\/es\/wp-json\/wp\/v2\/categories?post=9463"},{"taxonomy":"post_tag","embeddable":true,"href":"https:\/\/tennisurgell.com\/es\/wp-json\/wp\/v2\/tags?post=9463"}],"curies":[{"name":"wp","href":"https:\/\/api.w.org\/{rel}","templated":true}]}}