{"id":9459,"date":"2026-02-23T12:40:00","date_gmt":"2026-02-23T11:40:00","guid":{"rendered":"https:\/\/tennisurgell.com\/resultats-i-imatges-seccio-de-tennis-21-i-22-de-febrer\/"},"modified":"2026-02-23T12:40:00","modified_gmt":"2026-02-23T11:40:00","slug":"resultats-i-imatges-seccio-de-tennis-21-i-22-de-febrer","status":"publish","type":"post","link":"https:\/\/tennisurgell.com\/es\/resultats-i-imatges-seccio-de-tennis-21-i-22-de-febrer\/","title":{"rendered":"Resultats i imatges secci\u00f3 de tennis (21 i 22 de febrer)"},"content":{"rendered":"<p>Els representants del CT Urgell van competir en tres fronts durant aquest cap de setmana.<\/p>\n<p>D\u2019una banda, al Campionat de Catalunya per equips, l\u2019alev\u00ed femen\u00ed va perdre per 2-3 davant el CD Terrassa Hockei. Maria Garriga, Mariona Panad\u00e8s, Jana Panad\u00e8s, Rita Ibarz i Vict\u00f2ria Lacasa van formar l\u2019equip de l\u2019Urgell en una eliminat\u00f2ria for\u00e7a emocionat i igualada que, despr\u00e9s d&#8217;acabar empatada als individuals, es va decidir al dobles definitiu. <\/p>\n<p>Per la seva part, l\u2019equip alev\u00ed mascul\u00ed va cedir per 2-5 davant el CT Sabadell en un duel en el que va formar amb Otger Ter\u00e9s, Jan Duran, Guerau Ter\u00e9s, Joan Terradellas i Saul Blanco. Encara al Campionat de Catalunya, derrota tamb\u00e9 de l\u2019equip de 3a categoria, per 4-3 enfront el S\u00edcoris Club. <\/p>\n<p>Passant a la Lliga Catalana, l\u2019infantil mascul\u00ed va caure per 0-5 contra el CT Tarragona en un enfrontament en qu\u00e8 Mateo Blanco i Gifr\u00e9 Calvet van disputar el partit de dobles, i derrota tamb\u00e9 del j\u00fanior mascul\u00ed, en el seu cas per 2-3 davant el CT Mollerussa. Guillem Barrufet, Ferran S\u00e1nchez i Pol Barta van jugar els individuals d\u2019una eliminat\u00f2ria resolta al partit final de dobles, on va participar tamb\u00e9 Oriol Dolcet. <\/p>\n<p>Finalment, el CT Urgell tamb\u00e9 va ser present a la Trobada de Supertennis celebrada al CT Lleida amb un equip format per Guillem Calvet, Maria Culler\u00e9, Noret Canadell, Roger Rosell i Miquel Terradellas, amb Aina Fontova com capitana.<\/p>\n<p><img decoding=\"async\" class=\"alignnone size-large wp-image-8860 lazyload\" data-src=\"https:\/\/tennisurgell.com\/wp-content\/uploads\/WhatsApp-Image-2026-02-22-at-22.40.54-1024x796.jpeg\" alt=\"\" width=\"1024\" height=\"796\" data-srcset=\"https:\/\/tennisurgell.com\/wp-content\/uploads\/WhatsApp-Image-2026-02-22-at-22.40.54-980x761.jpeg 980w, https:\/\/tennisurgell.com\/wp-content\/uploads\/WhatsApp-Image-2026-02-22-at-22.40.54-480x373.jpeg 480w\" data-sizes=\"(min-width: 0px) and (max-width: 480px) 480px, (min-width: 481px) and (max-width: 980px) 980px, (min-width: 981px) 1024px, 100vw\" src=\"data:image\/svg+xml;base64,PHN2ZyB3aWR0aD0iMSIgaGVpZ2h0PSIxIiB4bWxucz0iaHR0cDovL3d3dy53My5vcmcvMjAwMC9zdmciPjwvc3ZnPg==\" style=\"--smush-placeholder-width: 1024px; --smush-placeholder-aspect-ratio: 1024\/796;\" \/> <img decoding=\"async\" class=\"alignnone size-large wp-image-8862 lazyload\" data-src=\"https:\/\/tennisurgell.com\/wp-content\/uploads\/WhatsApp-Image-2026-02-22-at-22.39.05-1024x769.jpeg\" alt=\"\" width=\"1024\" height=\"769\" data-srcset=\"https:\/\/tennisurgell.com\/wp-content\/uploads\/WhatsApp-Image-2026-02-22-at-22.39.05-980x736.jpeg 980w, https:\/\/tennisurgell.com\/wp-content\/uploads\/WhatsApp-Image-2026-02-22-at-22.39.05-480x360.jpeg 480w\" data-sizes=\"(min-width: 0px) and (max-width: 480px) 480px, (min-width: 481px) and (max-width: 980px) 980px, (min-width: 981px) 1024px, 100vw\" src=\"data:image\/svg+xml;base64,PHN2ZyB3aWR0aD0iMSIgaGVpZ2h0PSIxIiB4bWxucz0iaHR0cDovL3d3dy53My5vcmcvMjAwMC9zdmciPjwvc3ZnPg==\" style=\"--smush-placeholder-width: 1024px; --smush-placeholder-aspect-ratio: 1024\/769;\" \/> <img decoding=\"async\" class=\"alignnone size-large wp-image-8864 lazyload\" data-src=\"https:\/\/tennisurgell.com\/wp-content\/uploads\/WhatsApp-Image-2026-02-22-at-22.37.22-1024x782.jpeg\" alt=\"\" width=\"1024\" height=\"782\" data-srcset=\"https:\/\/tennisurgell.com\/wp-content\/uploads\/WhatsApp-Image-2026-02-22-at-22.37.22-980x748.jpeg 980w, https:\/\/tennisurgell.com\/wp-content\/uploads\/WhatsApp-Image-2026-02-22-at-22.37.22-480x367.jpeg 480w\" data-sizes=\"(min-width: 0px) and (max-width: 480px) 480px, (min-width: 481px) and (max-width: 980px) 980px, (min-width: 981px) 1024px, 100vw\" src=\"data:image\/svg+xml;base64,PHN2ZyB3aWR0aD0iMSIgaGVpZ2h0PSIxIiB4bWxucz0iaHR0cDovL3d3dy53My5vcmcvMjAwMC9zdmciPjwvc3ZnPg==\" style=\"--smush-placeholder-width: 1024px; --smush-placeholder-aspect-ratio: 1024\/782;\" \/> <img decoding=\"async\" class=\"alignnone size-large wp-image-8866 lazyload\" data-src=\"https:\/\/tennisurgell.com\/wp-content\/uploads\/WhatsApp-Image-2026-02-22-at-22.30.27-1024x769.jpeg\" alt=\"\" width=\"1024\" height=\"769\" data-srcset=\"https:\/\/tennisurgell.com\/wp-content\/uploads\/WhatsApp-Image-2026-02-22-at-22.30.27-980x736.jpeg 980w, https:\/\/tennisurgell.com\/wp-content\/uploads\/WhatsApp-Image-2026-02-22-at-22.30.27-480x360.jpeg 480w\" data-sizes=\"(min-width: 0px) and (max-width: 480px) 480px, (min-width: 481px) and (max-width: 980px) 980px, (min-width: 981px) 1024px, 100vw\" src=\"data:image\/svg+xml;base64,PHN2ZyB3aWR0aD0iMSIgaGVpZ2h0PSIxIiB4bWxucz0iaHR0cDovL3d3dy53My5vcmcvMjAwMC9zdmciPjwvc3ZnPg==\" style=\"--smush-placeholder-width: 1024px; --smush-placeholder-aspect-ratio: 1024\/769;\" \/> <img decoding=\"async\" class=\"alignnone size-large wp-image-8868 lazyload\" data-src=\"https:\/\/tennisurgell.com\/wp-content\/uploads\/WhatsApp-Image-2026-02-22-at-22.27.08-1024x768.jpeg\" alt=\"\" width=\"1024\" height=\"768\" data-srcset=\"https:\/\/tennisurgell.com\/wp-content\/uploads\/WhatsApp-Image-2026-02-22-at-22.27.08-980x735.jpeg 980w, https:\/\/tennisurgell.com\/wp-content\/uploads\/WhatsApp-Image-2026-02-22-at-22.27.08-480x360.jpeg 480w\" data-sizes=\"(min-width: 0px) and (max-width: 480px) 480px, (min-width: 481px) and (max-width: 980px) 980px, (min-width: 981px) 1024px, 100vw\" src=\"data:image\/svg+xml;base64,PHN2ZyB3aWR0aD0iMSIgaGVpZ2h0PSIxIiB4bWxucz0iaHR0cDovL3d3dy53My5vcmcvMjAwMC9zdmciPjwvc3ZnPg==\" style=\"--smush-placeholder-width: 1024px; --smush-placeholder-aspect-ratio: 1024\/768;\" \/><\/p>\n","protected":false},"excerpt":{"rendered":"<p>Els representants del CT Urgell van competir en tres fronts durant aquest cap de setmana. D\u2019una banda, al Campionat de Catalunya per equips, l\u2019alev\u00ed femen\u00ed va perdre per 2-3 davant el CD Terrassa Hockei. Maria Garriga, Mariona Panad\u00e8s, Jana Panad\u00e8s, Rita Ibarz i Vict\u00f2ria Lacasa van formar l\u2019equip de l\u2019Urgell en una eliminat\u00f2ria for\u00e7a emocionat [&hellip;]<\/p>\n","protected":false},"author":2,"featured_media":8869,"comment_status":"open","ping_status":"closed","sticky":false,"template":"","format":"standard","meta":{"_et_pb_use_builder":"","_et_pb_old_content":"","_et_gb_content_width":"","footnotes":""},"categories":[20],"tags":[],"class_list":["post-9459","post","type-post","status-publish","format-standard","has-post-thumbnail","hentry","category-noticias"],"_links":{"self":[{"href":"https:\/\/tennisurgell.com\/es\/wp-json\/wp\/v2\/posts\/9459","targetHints":{"allow":["GET"]}}],"collection":[{"href":"https:\/\/tennisurgell.com\/es\/wp-json\/wp\/v2\/posts"}],"about":[{"href":"https:\/\/tennisurgell.com\/es\/wp-json\/wp\/v2\/types\/post"}],"author":[{"embeddable":true,"href":"https:\/\/tennisurgell.com\/es\/wp-json\/wp\/v2\/users\/2"}],"replies":[{"embeddable":true,"href":"https:\/\/tennisurgell.com\/es\/wp-json\/wp\/v2\/comments?post=9459"}],"version-history":[{"count":0,"href":"https:\/\/tennisurgell.com\/es\/wp-json\/wp\/v2\/posts\/9459\/revisions"}],"wp:featuredmedia":[{"embeddable":true,"href":"https:\/\/tennisurgell.com\/es\/wp-json\/wp\/v2\/media\/8869"}],"wp:attachment":[{"href":"https:\/\/tennisurgell.com\/es\/wp-json\/wp\/v2\/media?parent=9459"}],"wp:term":[{"taxonomy":"category","embeddable":true,"href":"https:\/\/tennisurgell.com\/es\/wp-json\/wp\/v2\/categories?post=9459"},{"taxonomy":"post_tag","embeddable":true,"href":"https:\/\/tennisurgell.com\/es\/wp-json\/wp\/v2\/tags?post=9459"}],"curies":[{"name":"wp","href":"https:\/\/api.w.org\/{rel}","templated":true}]}}