{"id":9453,"date":"2026-03-13T20:17:26","date_gmt":"2026-03-13T19:17:26","guid":{"rendered":"https:\/\/tennisurgell.com\/convocatoria-assemblea-ordinaria-de-socis-i-socies\/"},"modified":"2026-03-13T20:17:26","modified_gmt":"2026-03-13T19:17:26","slug":"convocatoria-assemblea-ordinaria-de-socis-i-socies","status":"publish","type":"post","link":"https:\/\/tennisurgell.com\/es\/convocatoria-assemblea-ordinaria-de-socis-i-socies\/","title":{"rendered":"Convocat\u00f2ria Assemblea Ordin\u00e0ria de socis i s\u00f2cies"},"content":{"rendered":"<p>D\u2019acord amb el que estableix l\u2019art.13 dels vigents Estatuts del Club de Tennis Urgell de Lleida, mitjan\u00e7ant aquest escrit, es convoca Assemblea General Ordin\u00e0ria de S\u00f2cies i Socis el divendres 27 de mar\u00e7 de 2026 a les 20:00 hores, amb el seg\u00fcent ordre del dia:<br \/>\n1- Lectura i aprovaci\u00f3, si escau, de l\u2019acta de l\u2019assemblea ordin\u00e0ria anterior, del passat 14 de mar\u00e7 de 2025.<br \/>\n2- Informe de presid\u00e8ncia.<br \/>\n3- Presentaci\u00f3 i aprovaci\u00f3, si escau, de les liquidacions de l\u2019exercici econ\u00f2mic de 2025<br \/>\n4- Presentaci\u00f3 i aprovaci\u00f3, si escau, del pressupost per l\u2019exercici econ\u00f2mic de 2026<br \/>\n5- Proposta d\u2019aprovaci\u00f3 de la sol\u00b7licitud i formalitzaci\u00f3 d\u2019un pr\u00e9stec financer per la millora de les instal\u00b7lacions<br \/>\n6- Proposta i aprovaci\u00f3, si escau, d\u2019un nou soci o s\u00f2cia d\u2019estiu<br \/>\n7- Precs i preguntes.<br \/>\nPer a qualsevol aclariment dels assumptes a tractar, poseu-vos en contacte amb les oficines del Club o al correu de secretaria@tennisurgell.com.<\/p>\n","protected":false},"excerpt":{"rendered":"<p>D\u2019acord amb el que estableix l\u2019art.13 dels vigents Estatuts del Club de Tennis Urgell de Lleida, mitjan\u00e7ant aquest escrit, es convoca Assemblea General Ordin\u00e0ria de S\u00f2cies i Socis el divendres 27 de mar\u00e7 de 2026 a les 20:00 hores, amb el seg\u00fcent ordre del dia: 1- Lectura i aprovaci\u00f3, si escau, de l\u2019acta de l\u2019assemblea [&hellip;]<\/p>\n","protected":false},"author":2,"featured_media":9340,"comment_status":"open","ping_status":"closed","sticky":false,"template":"","format":"standard","meta":{"_et_pb_use_builder":"","_et_pb_old_content":"","_et_gb_content_width":"","footnotes":""},"categories":[20],"tags":[],"class_list":["post-9453","post","type-post","status-publish","format-standard","has-post-thumbnail","hentry","category-noticias"],"_links":{"self":[{"href":"https:\/\/tennisurgell.com\/es\/wp-json\/wp\/v2\/posts\/9453","targetHints":{"allow":["GET"]}}],"collection":[{"href":"https:\/\/tennisurgell.com\/es\/wp-json\/wp\/v2\/posts"}],"about":[{"href":"https:\/\/tennisurgell.com\/es\/wp-json\/wp\/v2\/types\/post"}],"author":[{"embeddable":true,"href":"https:\/\/tennisurgell.com\/es\/wp-json\/wp\/v2\/users\/2"}],"replies":[{"embeddable":true,"href":"https:\/\/tennisurgell.com\/es\/wp-json\/wp\/v2\/comments?post=9453"}],"version-history":[{"count":0,"href":"https:\/\/tennisurgell.com\/es\/wp-json\/wp\/v2\/posts\/9453\/revisions"}],"wp:featuredmedia":[{"embeddable":true,"href":"https:\/\/tennisurgell.com\/es\/wp-json\/wp\/v2\/media\/9340"}],"wp:attachment":[{"href":"https:\/\/tennisurgell.com\/es\/wp-json\/wp\/v2\/media?parent=9453"}],"wp:term":[{"taxonomy":"category","embeddable":true,"href":"https:\/\/tennisurgell.com\/es\/wp-json\/wp\/v2\/categories?post=9453"},{"taxonomy":"post_tag","embeddable":true,"href":"https:\/\/tennisurgell.com\/es\/wp-json\/wp\/v2\/tags?post=9453"}],"curies":[{"name":"wp","href":"https:\/\/api.w.org\/{rel}","templated":true}]}}