{"id":9451,"date":"2026-03-16T17:01:04","date_gmt":"2026-03-16T16:01:04","guid":{"rendered":"https:\/\/tennisurgell.com\/inscripcions-trobada-de-padel-femeni-2026-18-de-marc\/"},"modified":"2026-03-17T16:57:27","modified_gmt":"2026-03-17T15:57:27","slug":"inscripcions-trobada-de-padel-femeni-2026-18-de-marc","status":"publish","type":"post","link":"https:\/\/tennisurgell.com\/es\/inscripcions-trobada-de-padel-femeni-2026-18-de-marc\/","title":{"rendered":"Inscripcions Trobada de P\u00e0del Femen\u00ed 2026: 18 de mar\u00e7"},"content":{"rendered":"<p>Ja est\u00e0 tot preparat per una nova edici\u00f3, ja la sisena, de la ja tradicional Trobada de P\u00e0del Femen\u00ed, que es dur\u00e0 a terme a les instal\u00b7lacions del Club Tennis Urgell el dimecres 18 d&#8217;abril.<\/p>\n<p><strong>ATENCI\u00d3: Les inscripcions s&#8217;obriran el 18 de mar\u00e7 <span class=\"Y2IQFc\" lang=\"ca\">a les 12 del mat\u00ed.<\/span><\/strong><strong>. <\/strong> <\/p>\n<p>En esta <a href=\"https:\/\/tennisurgell.com\/es\/aaa-6a_trobada_pf\/\">p\u00e1gina web<\/a> podr\u00e9is formalizar vuestras inscripciones. \u00a1Os mantendremos informadas! <\/p>\n<p><a href=\"https:\/\/tennisurgell.com\/es\/aaa-6a_trobada_pf\/\"><img decoding=\"async\" class=\"alignnone wp-image-9447 lazyload\" data-src=\"https:\/\/tennisurgell.com\/wp-content\/uploads\/fem_padel-576x1024.jpg\" alt=\"\" width=\"516\" height=\"917\" data-srcset=\"https:\/\/tennisurgell.com\/wp-content\/uploads\/fem_padel-576x1024.jpg 516w, https:\/\/tennisurgell.com\/wp-content\/uploads\/fem_padel-480x853.jpg 480w\" data-sizes=\"(min-width: 0px) and (max-width: 480px) 480px, (min-width: 481px) 516px, 100vw\" src=\"data:image\/svg+xml;base64,PHN2ZyB3aWR0aD0iMSIgaGVpZ2h0PSIxIiB4bWxucz0iaHR0cDovL3d3dy53My5vcmcvMjAwMC9zdmciPjwvc3ZnPg==\" style=\"--smush-placeholder-width: 516px; --smush-placeholder-aspect-ratio: 516\/917;\" \/><\/a><\/p>\n<p>&nbsp;<\/p>\n<p>&nbsp;<\/p>\n","protected":false},"excerpt":{"rendered":"<p>Ja est\u00e0 tot preparat per una nova edici\u00f3, ja la sisena, de la ja tradicional Trobada de P\u00e0del Femen\u00ed, que es dur\u00e0 a terme a les instal\u00b7lacions del Club Tennis Urgell el dimecres 18 d&#8217;abril. ATENCI\u00d3: Les inscripcions s&#8217;obriran el 18 de mar\u00e7 a les 12 del mat\u00ed.. En esta p\u00e1gina web podr\u00e9is formalizar vuestras [&hellip;]<\/p>\n","protected":false},"author":2,"featured_media":9446,"comment_status":"open","ping_status":"closed","sticky":false,"template":"","format":"standard","meta":{"_et_pb_use_builder":"","_et_pb_old_content":"","_et_gb_content_width":"","footnotes":""},"categories":[20],"tags":[],"class_list":["post-9451","post","type-post","status-publish","format-standard","has-post-thumbnail","hentry","category-noticias"],"_links":{"self":[{"href":"https:\/\/tennisurgell.com\/es\/wp-json\/wp\/v2\/posts\/9451","targetHints":{"allow":["GET"]}}],"collection":[{"href":"https:\/\/tennisurgell.com\/es\/wp-json\/wp\/v2\/posts"}],"about":[{"href":"https:\/\/tennisurgell.com\/es\/wp-json\/wp\/v2\/types\/post"}],"author":[{"embeddable":true,"href":"https:\/\/tennisurgell.com\/es\/wp-json\/wp\/v2\/users\/2"}],"replies":[{"embeddable":true,"href":"https:\/\/tennisurgell.com\/es\/wp-json\/wp\/v2\/comments?post=9451"}],"version-history":[{"count":2,"href":"https:\/\/tennisurgell.com\/es\/wp-json\/wp\/v2\/posts\/9451\/revisions"}],"predecessor-version":[{"id":9502,"href":"https:\/\/tennisurgell.com\/es\/wp-json\/wp\/v2\/posts\/9451\/revisions\/9502"}],"wp:featuredmedia":[{"embeddable":true,"href":"https:\/\/tennisurgell.com\/es\/wp-json\/wp\/v2\/media\/9446"}],"wp:attachment":[{"href":"https:\/\/tennisurgell.com\/es\/wp-json\/wp\/v2\/media?parent=9451"}],"wp:term":[{"taxonomy":"category","embeddable":true,"href":"https:\/\/tennisurgell.com\/es\/wp-json\/wp\/v2\/categories?post=9451"},{"taxonomy":"post_tag","embeddable":true,"href":"https:\/\/tennisurgell.com\/es\/wp-json\/wp\/v2\/tags?post=9451"}],"curies":[{"name":"wp","href":"https:\/\/api.w.org\/{rel}","templated":true}]}}